{"id":1908,"date":"2015-02-17T12:56:42","date_gmt":"2015-02-17T12:56:42","guid":{"rendered":"http:\/\/protectoravilagarcia.org\/?p=1908"},"modified":"2025-11-12T18:08:43","modified_gmt":"2025-11-12T17:08:43","slug":"las-hermosas-palabras-de-los-adoptantes-de-kris-antes-kirk","status":"publish","type":"post","link":"https:\/\/protectoravilagarcia.org\/es\/las-hermosas-palabras-de-los-adoptantes-de-kris-antes-kirk\/","title":{"rendered":"Las hermosas palabras de los adoptantes de Kris (antes Kirk)"},"content":{"rendered":"<p>Kirk fue abandonado con tan solo unos mesitos. Lejos de desanimarse, en la Prote era un perrillo alegre y cari\u00f1oso. Unos meses despu\u00e9s de su llegada tuvo la inmensa suerte de ser adoptado por una buena familia. Nos han env\u00edado estas fotos del peque\u00f1\u00edn en su nueva vida y, sobre todo, nos escriben estas hermosas palabras:<\/p>\n<p>\u00abEs un cachorro muy cari\u00f1oso y juguet\u00f3n. Le encanta dormir con nosotros y que juguemos a correr detr\u00e1s de \u00e9l. Si lo dejo solo se enfada mucho; porque no le gusta nada. Desde el primer d\u00eda se porta muy bien. Aunque es muy asustadizo de las personas.No le gusta que nadie se acerque a mi porque es celoso. Lleva un mes con nosotros y en casa ya le tenemos much\u00edsimo cari\u00f1o. <em><strong>La gente deber\u00eda adoptar a perros de la protectora porque con darles cari\u00f1o ya son tan felices<\/strong><\/em>. \u00bb<\/p>\n<p><img loading=\"lazy\" decoding=\"async\" class=\"aligncenter wp-image-1909 size-full\" src=\"http:\/\/protectoravilagarcia.org\/wp-content\/uploads\/2017\/03\/kirk.jpg\" width=\"404\" height=\"404\" srcset=\"https:\/\/protectoravilagarcia.org\/wp-content\/uploads\/2017\/03\/kirk.jpg?v=1682450471 404w, https:\/\/protectoravilagarcia.org\/wp-content\/uploads\/2017\/03\/kirk-300x300.jpg?v=1682450471 300w, https:\/\/protectoravilagarcia.org\/wp-content\/uploads\/2017\/03\/kirk-150x150.jpg?v=1682450471 150w, https:\/\/protectoravilagarcia.org\/wp-content\/uploads\/2017\/03\/kirk-100x100.jpg?v=1682450471 100w\" sizes=\"auto, (max-width: 404px) 100vw, 404px\" \/><\/p>\n<p>\u00a1\u00a1GRACIAS POR ADOPTAR Y POR RECOMENDAR LA EXPERIENCIA A OTRAS PERSONAS!!<\/p>\n","protected":false},"excerpt":{"rendered":"<p>Kirk fue abandonado con tan solo unos mesitos. Lejos de desanimarse, en la Prote era un perrillo alegre y cari\u00f1oso. Unos meses despu\u00e9s de su llegada tuvo la inmensa suerte de ser adoptado por una buena familia. Nos han env\u00edado estas fotos del peque\u00f1\u00edn en su nueva vida y, sobre todo, nos escriben estas hermosas [&hellip;]<\/p>\n","protected":false},"author":8,"featured_media":1909,"comment_status":"open","ping_status":"open","sticky":false,"template":"","format":"standard","meta":{"footnotes":""},"categories":[407],"tags":[],"class_list":["post-1908","post","type-post","status-publish","format-standard","has-post-thumbnail","hentry","category-finales-felices"],"_links":{"self":[{"href":"https:\/\/protectoravilagarcia.org\/es\/wp-json\/wp\/v2\/posts\/1908","targetHints":{"allow":["GET"]}}],"collection":[{"href":"https:\/\/protectoravilagarcia.org\/es\/wp-json\/wp\/v2\/posts"}],"about":[{"href":"https:\/\/protectoravilagarcia.org\/es\/wp-json\/wp\/v2\/types\/post"}],"author":[{"embeddable":true,"href":"https:\/\/protectoravilagarcia.org\/es\/wp-json\/wp\/v2\/users\/8"}],"replies":[{"embeddable":true,"href":"https:\/\/protectoravilagarcia.org\/es\/wp-json\/wp\/v2\/comments?post=1908"}],"version-history":[{"count":1,"href":"https:\/\/protectoravilagarcia.org\/es\/wp-json\/wp\/v2\/posts\/1908\/revisions"}],"predecessor-version":[{"id":1910,"href":"https:\/\/protectoravilagarcia.org\/es\/wp-json\/wp\/v2\/posts\/1908\/revisions\/1910"}],"wp:featuredmedia":[{"embeddable":true,"href":"https:\/\/protectoravilagarcia.org\/es\/wp-json\/wp\/v2\/media\/1909"}],"wp:attachment":[{"href":"https:\/\/protectoravilagarcia.org\/es\/wp-json\/wp\/v2\/media?parent=1908"}],"wp:term":[{"taxonomy":"category","embeddable":true,"href":"https:\/\/protectoravilagarcia.org\/es\/wp-json\/wp\/v2\/categories?post=1908"},{"taxonomy":"post_tag","embeddable":true,"href":"https:\/\/protectoravilagarcia.org\/es\/wp-json\/wp\/v2\/tags?post=1908"}],"curies":[{"name":"wp","href":"https:\/\/api.w.org\/{rel}","templated":true}]}}