{"id":1905,"date":"2015-02-27T12:44:13","date_gmt":"2015-02-27T12:44:13","guid":{"rendered":"http:\/\/protectoravilagarcia.org\/?p=1905"},"modified":"2025-11-12T18:08:43","modified_gmt":"2025-11-12T17:08:43","slug":"la-pequena-lisa-una-historia-tragica-con-final-feliz","status":"publish","type":"post","link":"https:\/\/protectoravilagarcia.org\/es\/la-pequena-lisa-una-historia-tragica-con-final-feliz\/","title":{"rendered":"La peque\u00f1a Lisa, una historia tr\u00e1gica con final feliz."},"content":{"rendered":"<p>La peque\u00f1a Lisa lleg\u00f3 un domingo al refugio. Alg\u00fan indeseable la acababa de tirar desde un puente a la carretera, en una bolsa de basura. Afortunadamente,\u00a0unas personas\u00a0vieron caer el paquete, corrieron a ver qu\u00e9 hab\u00eda dentro, y era ella, con unas semanas de vida. Tuvo much\u00edsima\u00a0suerte, la ca\u00edda no le provoc\u00f3 ning\u00fan da\u00f1o, aunque s\u00ed ten\u00eda problemas para caminar. Alguien se deshizo de ella pensando que no volver\u00eda a caminar o que morir\u00eda. Sin embargo, no se sali\u00f3 con la suya. Lisa estuvo en una estupenda casa de acogida y a tratamiento para fortalecer sus huesos y en solo una semana&#8230; \u00a1\u00a1caminaba!!<\/p>\n<p>Ahora ya est\u00e1 perfecta y hermosa. Os dejamos una foto de ella en su nuevo hogar, donde es la reina de la casa y la m\u00e1s mimada. Aprovechamos para dar gracias a su casa de acogida y a sus adoptantes. Os recordamos que ayudando a un animal, no solo le dais una nueva vida y le salv\u00e1is a \u00e9l, sino que gracias a ello queda un hueco para acoger a otro que lo necesite.<\/p>\n<p>\u00a1\u00a1NO COMPRES, ADOPTA!!<\/p>\n","protected":false},"excerpt":{"rendered":"<p>La peque\u00f1a Lisa lleg\u00f3 un domingo al refugio. Alg\u00fan indeseable la acababa de tirar desde un puente a la carretera, en una bolsa de basura. Afortunadamente,\u00a0unas personas\u00a0vieron caer el paquete, corrieron a ver qu\u00e9 hab\u00eda dentro, y era ella, con unas semanas de vida. Tuvo much\u00edsima\u00a0suerte, la ca\u00edda no le provoc\u00f3 ning\u00fan da\u00f1o, aunque s\u00ed [&hellip;]<\/p>\n","protected":false},"author":8,"featured_media":1906,"comment_status":"open","ping_status":"open","sticky":false,"template":"","format":"standard","meta":{"footnotes":""},"categories":[407],"tags":[],"class_list":["post-1905","post","type-post","status-publish","format-standard","has-post-thumbnail","hentry","category-finales-felices"],"_links":{"self":[{"href":"https:\/\/protectoravilagarcia.org\/es\/wp-json\/wp\/v2\/posts\/1905","targetHints":{"allow":["GET"]}}],"collection":[{"href":"https:\/\/protectoravilagarcia.org\/es\/wp-json\/wp\/v2\/posts"}],"about":[{"href":"https:\/\/protectoravilagarcia.org\/es\/wp-json\/wp\/v2\/types\/post"}],"author":[{"embeddable":true,"href":"https:\/\/protectoravilagarcia.org\/es\/wp-json\/wp\/v2\/users\/8"}],"replies":[{"embeddable":true,"href":"https:\/\/protectoravilagarcia.org\/es\/wp-json\/wp\/v2\/comments?post=1905"}],"version-history":[{"count":1,"href":"https:\/\/protectoravilagarcia.org\/es\/wp-json\/wp\/v2\/posts\/1905\/revisions"}],"predecessor-version":[{"id":1907,"href":"https:\/\/protectoravilagarcia.org\/es\/wp-json\/wp\/v2\/posts\/1905\/revisions\/1907"}],"wp:featuredmedia":[{"embeddable":true,"href":"https:\/\/protectoravilagarcia.org\/es\/wp-json\/wp\/v2\/media\/1906"}],"wp:attachment":[{"href":"https:\/\/protectoravilagarcia.org\/es\/wp-json\/wp\/v2\/media?parent=1905"}],"wp:term":[{"taxonomy":"category","embeddable":true,"href":"https:\/\/protectoravilagarcia.org\/es\/wp-json\/wp\/v2\/categories?post=1905"},{"taxonomy":"post_tag","embeddable":true,"href":"https:\/\/protectoravilagarcia.org\/es\/wp-json\/wp\/v2\/tags?post=1905"}],"curies":[{"name":"wp","href":"https:\/\/api.w.org\/{rel}","templated":true}]}}