{"id":1858,"date":"2016-06-13T14:35:37","date_gmt":"2016-06-13T14:35:37","guid":{"rendered":"http:\/\/protectoravilagarcia.org\/?p=1858"},"modified":"2025-11-12T18:09:20","modified_gmt":"2025-11-12T17:09:20","slug":"horario-de-atencion-al-publico-de-1100-a-1300","status":"publish","type":"post","link":"https:\/\/protectoravilagarcia.org\/es\/horario-de-atencion-al-publico-de-1100-a-1300\/","title":{"rendered":"HORARIO DE ATENCI\u00d3N AL P\u00daBLICO DE 10:30 A 13:00"},"content":{"rendered":"<p><span class=\"marker\"><strong>ATENCI\u00d3N<\/strong><\/span><\/p>\n<h2><strong>NUEVO HORARIO DE ATENCI\u00d3N AL P\u00daBLICO:\u00a0<\/strong><strong>DE 10:30 A 13:00<\/strong><\/h2>\n<p><strong>Disculpen las molestias.<\/strong><\/p>\n","protected":false},"excerpt":{"rendered":"<p>ATENCI\u00d3N NUEVO HORARIO DE ATENCI\u00d3N AL P\u00daBLICO:\u00a0DE 10:30 A 13:00 Disculpen las molestias.<\/p>\n","protected":false},"author":8,"featured_media":0,"comment_status":"open","ping_status":"open","sticky":false,"template":"","format":"standard","meta":{"footnotes":""},"categories":[405],"tags":[],"class_list":["post-1858","post","type-post","status-publish","format-standard","hentry","category-noticias-protectora"],"_links":{"self":[{"href":"https:\/\/protectoravilagarcia.org\/es\/wp-json\/wp\/v2\/posts\/1858","targetHints":{"allow":["GET"]}}],"collection":[{"href":"https:\/\/protectoravilagarcia.org\/es\/wp-json\/wp\/v2\/posts"}],"about":[{"href":"https:\/\/protectoravilagarcia.org\/es\/wp-json\/wp\/v2\/types\/post"}],"author":[{"embeddable":true,"href":"https:\/\/protectoravilagarcia.org\/es\/wp-json\/wp\/v2\/users\/8"}],"replies":[{"embeddable":true,"href":"https:\/\/protectoravilagarcia.org\/es\/wp-json\/wp\/v2\/comments?post=1858"}],"version-history":[{"count":3,"href":"https:\/\/protectoravilagarcia.org\/es\/wp-json\/wp\/v2\/posts\/1858\/revisions"}],"predecessor-version":[{"id":2006,"href":"https:\/\/protectoravilagarcia.org\/es\/wp-json\/wp\/v2\/posts\/1858\/revisions\/2006"}],"wp:attachment":[{"href":"https:\/\/protectoravilagarcia.org\/es\/wp-json\/wp\/v2\/media?parent=1858"}],"wp:term":[{"taxonomy":"category","embeddable":true,"href":"https:\/\/protectoravilagarcia.org\/es\/wp-json\/wp\/v2\/categories?post=1858"},{"taxonomy":"post_tag","embeddable":true,"href":"https:\/\/protectoravilagarcia.org\/es\/wp-json\/wp\/v2\/tags?post=1858"}],"curies":[{"name":"wp","href":"https:\/\/api.w.org\/{rel}","templated":true}]}}