{"id":1856,"date":"2016-05-01T14:34:25","date_gmt":"2016-05-01T14:34:25","guid":{"rendered":"http:\/\/protectoravilagarcia.org\/?p=1856"},"modified":"2025-11-12T18:09:20","modified_gmt":"2025-11-12T17:09:20","slug":"un-proyecto-maravilloso","status":"publish","type":"post","link":"https:\/\/protectoravilagarcia.org\/es\/un-proyecto-maravilloso\/","title":{"rendered":"UN PROYECTO MARAVILLOSO"},"content":{"rendered":"<p>Solo podemos decir GRACIAS. Agradecer una y mil veces a los ni\u00f1os de 3\u00baB de primaria del colegio de la Lomba y a su profesora F\u00e1tima por su maravilloso proyecto. Un proyecto piloto que se encuentra dentro del programa M\u00f3vete promovido por la Direcci\u00f3n Xeral de Xuventude, Participaci\u00f3n e Voluntariado, para la formaci\u00f3n en el voluntariado en la educaci\u00f3n primaria.<\/p>\n<p>Los ni\u00f1os\/as, eligieron como campo para desarrollar sus acciones, el de los animales, por lo que decidieron colaborar con la Protectora de Animales de Vilagarc\u00eda de Arousa. En su blog\u00a0<a href=\"http:\/\/asaranhasdoceipalomba.blogspot.com.es\"><strong>http:\/\/asaranhasdoceipalomba.blogspot.com.es <\/strong><\/a>podr\u00e9is ver todas las acciones que llevaron a cabo, entre las que se encuentran una visita a la protectora, cortometrajes para concienciar\u00a0sobre la adopci\u00f3n y el abandono, una obra de teatro para recaudar fondos y un paseo solidario de los perros de la protectora.<\/p>\n<p>De nuevo GRACIAS, ha sido un aut\u00e9ntico placer desarrollar\u00a0este proyecto con vosotros y un honor que nos hay\u00e1is elegido!!!!<\/p>\n","protected":false},"excerpt":{"rendered":"<p>Solo podemos decir GRACIAS. Agradecer una y mil veces a los ni\u00f1os de 3\u00baB de primaria del colegio de la Lomba y a su profesora F\u00e1tima por su maravilloso proyecto. Un proyecto piloto que se encuentra dentro del programa M\u00f3vete promovido por la Direcci\u00f3n Xeral de Xuventude, Participaci\u00f3n e Voluntariado, para la formaci\u00f3n en el [&hellip;]<\/p>\n","protected":false},"author":8,"featured_media":0,"comment_status":"open","ping_status":"open","sticky":false,"template":"","format":"standard","meta":{"footnotes":""},"categories":[405],"tags":[],"class_list":["post-1856","post","type-post","status-publish","format-standard","hentry","category-noticias-protectora"],"_links":{"self":[{"href":"https:\/\/protectoravilagarcia.org\/es\/wp-json\/wp\/v2\/posts\/1856","targetHints":{"allow":["GET"]}}],"collection":[{"href":"https:\/\/protectoravilagarcia.org\/es\/wp-json\/wp\/v2\/posts"}],"about":[{"href":"https:\/\/protectoravilagarcia.org\/es\/wp-json\/wp\/v2\/types\/post"}],"author":[{"embeddable":true,"href":"https:\/\/protectoravilagarcia.org\/es\/wp-json\/wp\/v2\/users\/8"}],"replies":[{"embeddable":true,"href":"https:\/\/protectoravilagarcia.org\/es\/wp-json\/wp\/v2\/comments?post=1856"}],"version-history":[{"count":1,"href":"https:\/\/protectoravilagarcia.org\/es\/wp-json\/wp\/v2\/posts\/1856\/revisions"}],"predecessor-version":[{"id":1857,"href":"https:\/\/protectoravilagarcia.org\/es\/wp-json\/wp\/v2\/posts\/1856\/revisions\/1857"}],"wp:attachment":[{"href":"https:\/\/protectoravilagarcia.org\/es\/wp-json\/wp\/v2\/media?parent=1856"}],"wp:term":[{"taxonomy":"category","embeddable":true,"href":"https:\/\/protectoravilagarcia.org\/es\/wp-json\/wp\/v2\/categories?post=1856"},{"taxonomy":"post_tag","embeddable":true,"href":"https:\/\/protectoravilagarcia.org\/es\/wp-json\/wp\/v2\/tags?post=1856"}],"curies":[{"name":"wp","href":"https:\/\/api.w.org\/{rel}","templated":true}]}}