{"id":1834,"date":"2015-03-08T12:03:02","date_gmt":"2015-03-08T12:03:02","guid":{"rendered":"http:\/\/protectoravilagarcia.org\/?p=1834"},"modified":"2025-11-12T18:08:43","modified_gmt":"2025-11-12T17:08:43","slug":"queremos-dar-gracias-a-kesars-adiestramiento-canino","status":"publish","type":"post","link":"https:\/\/protectoravilagarcia.org\/es\/queremos-dar-gracias-a-kesars-adiestramiento-canino\/","title":{"rendered":"\u00a1Queremos dar gracias a KESAR\u00b4S ADIESTRAMIENTO CANINO!"},"content":{"rendered":"<p>El s\u00e1bado, mientras algunos de los voluntarios estaban en la carpa, lo dem\u00e1s estabamos con Diego, que nos di\u00f3 una charla de como tratar con perros.<\/p>\n<p>Adem\u00e1s, nos di\u00f3 unas pautas correctas de como entrar en los recintos, como tratar a animales con miedos y traumas y nos corrigi\u00f3 muchos errores que comet\u00edamos en nuestras labores.<\/p>\n<p>\u00a1Much\u00edsimas gracias Diego, con tus consejos haremos una mejor labor!<\/p>\n<p>&nbsp;<\/p>\n<p><a href=\"https:\/\/www.facebook.com\/kesars.adiestramientocanino?fref=ts\">https:\/\/www.facebook.com\/kesars.adiestramientocanino?fref=ts<\/a><\/p>\n","protected":false},"excerpt":{"rendered":"<p>El s\u00e1bado, mientras algunos de los voluntarios estaban en la carpa, lo dem\u00e1s estabamos con Diego, que nos di\u00f3 una charla de como tratar con perros. Adem\u00e1s, nos di\u00f3 unas pautas correctas de como entrar en los recintos, como tratar a animales con miedos y traumas y nos corrigi\u00f3 muchos errores que comet\u00edamos en nuestras [&hellip;]<\/p>\n","protected":false},"author":8,"featured_media":1835,"comment_status":"open","ping_status":"open","sticky":false,"template":"","format":"standard","meta":{"footnotes":""},"categories":[404],"tags":[],"class_list":["post-1834","post","type-post","status-publish","format-standard","has-post-thumbnail","hentry","category-colaboradores"],"_links":{"self":[{"href":"https:\/\/protectoravilagarcia.org\/es\/wp-json\/wp\/v2\/posts\/1834","targetHints":{"allow":["GET"]}}],"collection":[{"href":"https:\/\/protectoravilagarcia.org\/es\/wp-json\/wp\/v2\/posts"}],"about":[{"href":"https:\/\/protectoravilagarcia.org\/es\/wp-json\/wp\/v2\/types\/post"}],"author":[{"embeddable":true,"href":"https:\/\/protectoravilagarcia.org\/es\/wp-json\/wp\/v2\/users\/8"}],"replies":[{"embeddable":true,"href":"https:\/\/protectoravilagarcia.org\/es\/wp-json\/wp\/v2\/comments?post=1834"}],"version-history":[{"count":2,"href":"https:\/\/protectoravilagarcia.org\/es\/wp-json\/wp\/v2\/posts\/1834\/revisions"}],"predecessor-version":[{"id":1849,"href":"https:\/\/protectoravilagarcia.org\/es\/wp-json\/wp\/v2\/posts\/1834\/revisions\/1849"}],"wp:featuredmedia":[{"embeddable":true,"href":"https:\/\/protectoravilagarcia.org\/es\/wp-json\/wp\/v2\/media\/1835"}],"wp:attachment":[{"href":"https:\/\/protectoravilagarcia.org\/es\/wp-json\/wp\/v2\/media?parent=1834"}],"wp:term":[{"taxonomy":"category","embeddable":true,"href":"https:\/\/protectoravilagarcia.org\/es\/wp-json\/wp\/v2\/categories?post=1834"},{"taxonomy":"post_tag","embeddable":true,"href":"https:\/\/protectoravilagarcia.org\/es\/wp-json\/wp\/v2\/tags?post=1834"}],"curies":[{"name":"wp","href":"https:\/\/api.w.org\/{rel}","templated":true}]}}