{"id":1820,"date":"2014-12-10T11:56:25","date_gmt":"2014-12-10T11:56:25","guid":{"rendered":"http:\/\/protectoravilagarcia.org\/?p=1820"},"modified":"2025-11-12T18:08:30","modified_gmt":"2025-11-12T17:08:30","slug":"carpa-benefica-este-sabado-ultimo-dia-para-comprar-loteria-navidad","status":"publish","type":"post","link":"https:\/\/protectoravilagarcia.org\/es\/carpa-benefica-este-sabado-ultimo-dia-para-comprar-loteria-navidad\/","title":{"rendered":"\u00a1CARPA BEN\u00c9FICA ESTE S\u00c1BADO! \u00a1\u00daLTIMO D\u00cdA PARA COMPRAR LOTER\u00cdA NAVIDAD!"},"content":{"rendered":"<p>Este <strong>S\u00c1BADO 13 <\/strong>estaremos en la <strong>Plaza de Galicia de 10:00 a 15:00<\/strong>. \u00a1\u00a1<strong>\u00daLTIMO D\u00cdA PARA ADQUIRIR NUESTRA LOTER\u00cdA DE NAVIDAD<\/strong>!!<\/p>\n<p>Ac\u00e9rcate a informarte sobre adopciones o bien a adquirir alguno de nuestros maravillosos productos: CAMISETAS, LOTER\u00cdA DE NAVIDAD, CALENDARIOS, SUDADERAS, etc. Todo lo recaudado se destinar\u00e1 \u00edntegramente al cuidado de\u00a0nuestros animalitos.<\/p>\n<p>\u00a1GRACIAS POR VUESTRA COLABORACI\u00d3N!<\/p>\n<p><img loading=\"lazy\" decoding=\"async\" class=\"aligncenter wp-image-1824 size-full\" src=\"http:\/\/protectoravilagarcia.org\/wp-content\/uploads\/2017\/02\/camisetas.jpg\" width=\"600\" height=\"338\" \/><\/p>\n<p style=\"text-align: center;\">CAMISETAS<\/p>\n<p><img loading=\"lazy\" decoding=\"async\" class=\"aligncenter wp-image-1823 size-full\" src=\"http:\/\/protectoravilagarcia.org\/wp-content\/uploads\/2017\/02\/calendarios.jpg\" width=\"315\" height=\"220\" \/><\/p>\n<p style=\"text-align: center;\">CALENDARIO<\/p>\n<p><img loading=\"lazy\" decoding=\"async\" class=\"aligncenter wp-image-1822 size-full\" src=\"http:\/\/protectoravilagarcia.org\/wp-content\/uploads\/2017\/02\/sudaderas.jpg\" width=\"281\" height=\"500\" \/><\/p>\n<p style=\"text-align: center;\">SUDADERAS<\/p>\n<p><img loading=\"lazy\" decoding=\"async\" class=\"aligncenter wp-image-1821 size-full\" src=\"http:\/\/protectoravilagarcia.org\/wp-content\/uploads\/2017\/02\/loteria.jpg\" width=\"600\" height=\"316\" \/><\/p>\n<p style=\"text-align: center;\">RIFAS<\/p>\n","protected":false},"excerpt":{"rendered":"<p>Este S\u00c1BADO 13 estaremos en la Plaza de Galicia de 10:00 a 15:00. \u00a1\u00a1\u00daLTIMO D\u00cdA PARA ADQUIRIR NUESTRA LOTER\u00cdA DE NAVIDAD!! Ac\u00e9rcate a informarte sobre adopciones o bien a adquirir alguno de nuestros maravillosos productos: CAMISETAS, LOTER\u00cdA DE NAVIDAD, CALENDARIOS, SUDADERAS, etc. Todo lo recaudado se destinar\u00e1 \u00edntegramente al cuidado de\u00a0nuestros animalitos. \u00a1GRACIAS POR VUESTRA [&hellip;]<\/p>\n","protected":false},"author":8,"featured_media":0,"comment_status":"open","ping_status":"open","sticky":false,"template":"","format":"standard","meta":{"footnotes":""},"categories":[402,74],"tags":[],"class_list":["post-1820","post","type-post","status-publish","format-standard","hentry","category-carpas-beneficas","category-eventos"],"_links":{"self":[{"href":"https:\/\/protectoravilagarcia.org\/es\/wp-json\/wp\/v2\/posts\/1820","targetHints":{"allow":["GET"]}}],"collection":[{"href":"https:\/\/protectoravilagarcia.org\/es\/wp-json\/wp\/v2\/posts"}],"about":[{"href":"https:\/\/protectoravilagarcia.org\/es\/wp-json\/wp\/v2\/types\/post"}],"author":[{"embeddable":true,"href":"https:\/\/protectoravilagarcia.org\/es\/wp-json\/wp\/v2\/users\/8"}],"replies":[{"embeddable":true,"href":"https:\/\/protectoravilagarcia.org\/es\/wp-json\/wp\/v2\/comments?post=1820"}],"version-history":[{"count":3,"href":"https:\/\/protectoravilagarcia.org\/es\/wp-json\/wp\/v2\/posts\/1820\/revisions"}],"predecessor-version":[{"id":1832,"href":"https:\/\/protectoravilagarcia.org\/es\/wp-json\/wp\/v2\/posts\/1820\/revisions\/1832"}],"wp:attachment":[{"href":"https:\/\/protectoravilagarcia.org\/es\/wp-json\/wp\/v2\/media?parent=1820"}],"wp:term":[{"taxonomy":"category","embeddable":true,"href":"https:\/\/protectoravilagarcia.org\/es\/wp-json\/wp\/v2\/categories?post=1820"},{"taxonomy":"post_tag","embeddable":true,"href":"https:\/\/protectoravilagarcia.org\/es\/wp-json\/wp\/v2\/tags?post=1820"}],"curies":[{"name":"wp","href":"https:\/\/api.w.org\/{rel}","templated":true}]}}